{"id":96,"date":"2012-03-09T23:51:41","date_gmt":"2012-03-09T22:51:41","guid":{"rendered":"http:\/\/hospicjumcieszyn.pl\/?p=96"},"modified":"2013-03-10T13:47:35","modified_gmt":"2013-03-10T12:47:35","slug":"ii-wieczor-z-malgosia","status":"publish","type":"post","link":"https:\/\/www.hospicjumcieszyn.pl\/en\/ii-wieczor-z-malgosia\/","title":{"rendered":"II Wiecz\u00f3r z Ma\u0142gosi\u0105"},"content":{"rendered":"<p><img loading=\"lazy\" decoding=\"async\" class=\"alignleft size-full wp-image-101\" alt=\"glow\" src=\"http:\/\/hospicjumcieszyn.pl\/wp-content\/uploads\/2013\/02\/glow1.jpg\" width=\"300\" height=\"226\" srcset=\"https:\/\/www.hospicjumcieszyn.pl\/wp-content\/uploads\/2013\/02\/glow1.jpg 300w, https:\/\/www.hospicjumcieszyn.pl\/wp-content\/uploads\/2013\/02\/glow1-180x135.jpg 180w\" sizes=\"(max-width: 300px) 100vw, 300px\" \/>Zapraszamy wszystkie Panie na spotkanie poetycko-muzyczne z cyklu: &#8220;Wiecz\u00f3r z Ma\u0142gosi\u0105&#8221; po\u015bwi\u0119cone wyj\u0105tkowej poezji naszej wolontariuszki Ma\u0142gorzaty Szklorz. Odb\u0119dzie si\u0119 ono 23 marca o godzinie 17.30 w Cafe Muzeum.<\/p>\n","protected":false},"excerpt":{"rendered":"<p>Zapraszamy wszystkie Panie na spotkanie poetycko-muzyczne z cyklu: &#8220;Wiecz\u00f3r z Ma\u0142gosi\u0105&#8221; po\u015bwi\u0119cone wyj\u0105tkowej poezji naszej wolontariuszki Ma\u0142gorzaty Szklorz. Odb\u0119dzie si\u0119 ono 23 marca o godzinie 17.30 w Cafe Muzeum.<\/p>\n","protected":false},"author":1,"featured_media":0,"comment_status":"closed","ping_status":"closed","sticky":false,"template":"","format":"standard","meta":{"footnotes":""},"categories":[1],"tags":[],"acf":[],"_links":{"self":[{"href":"https:\/\/www.hospicjumcieszyn.pl\/en\/wp-json\/wp\/v2\/posts\/96"}],"collection":[{"href":"https:\/\/www.hospicjumcieszyn.pl\/en\/wp-json\/wp\/v2\/posts"}],"about":[{"href":"https:\/\/www.hospicjumcieszyn.pl\/en\/wp-json\/wp\/v2\/types\/post"}],"author":[{"embeddable":true,"href":"https:\/\/www.hospicjumcieszyn.pl\/en\/wp-json\/wp\/v2\/users\/1"}],"replies":[{"embeddable":true,"href":"https:\/\/www.hospicjumcieszyn.pl\/en\/wp-json\/wp\/v2\/comments?post=96"}],"version-history":[{"count":3,"href":"https:\/\/www.hospicjumcieszyn.pl\/en\/wp-json\/wp\/v2\/posts\/96\/revisions"}],"predecessor-version":[{"id":317,"href":"https:\/\/www.hospicjumcieszyn.pl\/en\/wp-json\/wp\/v2\/posts\/96\/revisions\/317"}],"wp:attachment":[{"href":"https:\/\/www.hospicjumcieszyn.pl\/en\/wp-json\/wp\/v2\/media?parent=96"}],"wp:term":[{"taxonomy":"category","embeddable":true,"href":"https:\/\/www.hospicjumcieszyn.pl\/en\/wp-json\/wp\/v2\/categories?post=96"},{"taxonomy":"post_tag","embeddable":true,"href":"https:\/\/www.hospicjumcieszyn.pl\/en\/wp-json\/wp\/v2\/tags?post=96"}],"curies":[{"name":"wp","href":"https:\/\/api.w.org\/{rel}","templated":true}]}}