{"id":9636,"date":"2024-03-01T22:40:44","date_gmt":"2024-03-01T21:40:44","guid":{"rendered":"https:\/\/www.hospicjumcieszyn.pl\/?p=9636"},"modified":"2024-03-25T16:19:20","modified_gmt":"2024-03-25T15:19:20","slug":"konkursy-pola-nadziei","status":"publish","type":"post","link":"https:\/\/www.hospicjumcieszyn.pl\/en\/konkursy-pola-nadziei\/","title":{"rendered":"Konkursy &#8211; Pola Nadziei"},"content":{"rendered":"\n<p>Szanowni Pa\u0144stwo Pedagodzy, Drodzy m\u0142odzi Przyjaciele z przedszkoli i szk\u00f3\u0142,<\/p>\n\n\n\n<p> pragniemy serdecznie zaprosi\u0107 do wzi\u0119cia udzia\u0142u w dw\u00f3ch konkursach w ramach wiosennej ods\u0142ony P\u00f3l Nadziei.<br><strong>Pierwszy konkurs plastyczno-techniczny pt.<\/strong> <strong>\u201cRozkwitnij w nadziei\u201d<\/strong>.<br>Konkurs adresowany jest zar\u00f3wno dla przedszkolak\u00f3w jak i uczni\u00f3w z szk\u00f3\u0142 podstawowych i m\u0142odzie\u017cy z szk\u00f3\u0142 ponadpodstawowych.<br> Szczeg\u00f3\u0142owe informacje zosta\u0142y zawarte w regulaminie.<\/p>\n\n\n\n<figure class=\"wp-block-image size-large is-resized\"><img loading=\"lazy\" decoding=\"async\" width=\"726\" height=\"726\" src=\"https:\/\/www.hospicjumcieszyn.pl\/wp-content\/uploads\/2024\/03\/Rozkwitnij-plakat-726x726.jpg\" alt=\"\" class=\"wp-image-9640\" style=\"width:453px;height:auto\" srcset=\"https:\/\/www.hospicjumcieszyn.pl\/wp-content\/uploads\/2024\/03\/Rozkwitnij-plakat-726x726.jpg 726w, https:\/\/www.hospicjumcieszyn.pl\/wp-content\/uploads\/2024\/03\/Rozkwitnij-plakat-363x363.jpg 363w, https:\/\/www.hospicjumcieszyn.pl\/wp-content\/uploads\/2024\/03\/Rozkwitnij-plakat-180x180.jpg 180w, https:\/\/www.hospicjumcieszyn.pl\/wp-content\/uploads\/2024\/03\/Rozkwitnij-plakat-768x768.jpg 768w, https:\/\/www.hospicjumcieszyn.pl\/wp-content\/uploads\/2024\/03\/Rozkwitnij-plakat.jpg 1080w\" sizes=\"(max-width: 726px) 100vw, 726px\" \/><\/figure>\n\n\n\n<p><strong>Drugi konkurs filmowy pt. &#8220;Daj siebie innym&#8221;<\/strong>.<br>Konkurs adresowany jest dla uczni\u00f3w szk\u00f3\u0142 podstawowych i ponadpodstawowych.<br>Mo\u017cna wzi\u0105\u0107 udzia\u0142 w obu konkursach, wystarczy spe\u0142ni\u0107 warunki zawarte w regulaminie.<\/p>\n\n\n\n<figure class=\"wp-block-image size-large is-resized\"><img loading=\"lazy\" decoding=\"async\" width=\"408\" height=\"726\" src=\"https:\/\/www.hospicjumcieszyn.pl\/wp-content\/uploads\/2024\/03\/Daj-siebie-plakat-408x726.jpg\" alt=\"\" class=\"wp-image-9637\" style=\"width:341px;height:auto\" srcset=\"https:\/\/www.hospicjumcieszyn.pl\/wp-content\/uploads\/2024\/03\/Daj-siebie-plakat-408x726.jpg 408w, https:\/\/www.hospicjumcieszyn.pl\/wp-content\/uploads\/2024\/03\/Daj-siebie-plakat-204x363.jpg 204w, https:\/\/www.hospicjumcieszyn.pl\/wp-content\/uploads\/2024\/03\/Daj-siebie-plakat-135x240.jpg 135w, https:\/\/www.hospicjumcieszyn.pl\/wp-content\/uploads\/2024\/03\/Daj-siebie-plakat-768x1365.jpg 768w, https:\/\/www.hospicjumcieszyn.pl\/wp-content\/uploads\/2024\/03\/Daj-siebie-plakat-864x1536.jpg 864w, https:\/\/www.hospicjumcieszyn.pl\/wp-content\/uploads\/2024\/03\/Daj-siebie-plakat.jpg 1080w\" sizes=\"(max-width: 408px) 100vw, 408px\" \/><\/figure>\n\n\n\n<p><strong>Termin nadsy\u0142ania prac do 9 kwietnia 2024 r<\/strong>.<\/p>\n\n\n\n<p>Na zwyci\u0119zc\u00f3w czekaj\u0105 atrakcyjne nagrody.<\/p>\n\n\n\n<p>Szczeg\u00f3\u0142owe informacje:<\/p>\n\n\n\n<ul>\n<li><a href=\"https:\/\/www.hospicjumcieszyn.pl\/wp-content\/uploads\/2024\/03\/Regulamin-konkursu-Rozkwitnij-w-nadziei-1.pdf\">Regulamin Rozkwitnij w nadziei <\/a><\/li>\n\n\n\n<li><a href=\"https:\/\/www.hospicjumcieszyn.pl\/wp-content\/uploads\/2024\/03\/zalaczniki-Rozkwitnij-w-nadziei.-popr.pdf\">Za\u0142\u0105czniki Rozkwitnij w nadziei<\/a><\/li>\n\n\n\n<li><a href=\"https:\/\/www.hospicjumcieszyn.pl\/wp-content\/uploads\/2024\/03\/Regulamin-konkurs-Daj-siebie-innym-.pdf\">Regulamin Daj siebie innym<\/a><\/li>\n\n\n\n<li><a href=\"https:\/\/www.hospicjumcieszyn.pl\/wp-content\/uploads\/2024\/03\/zalaczniki-Daj-siebie-innym-.pdf\">Za\u0142\u0105czniki Daj siebie innym<\/a><\/li>\n<\/ul>\n","protected":false},"excerpt":{"rendered":"<p>Szanowni Pa\u0144stwo Pedagodzy, Drodzy m\u0142odzi Przyjaciele z przedszkoli i szk\u00f3\u0142, pragniemy serdecznie zaprosi\u0107 do wzi\u0119cia udzia\u0142u w dw\u00f3ch konkursach w ramach wiosennej ods\u0142ony P\u00f3l Nadziei.Pierwszy konkurs plastyczno-techniczny pt. \u201cRozkwitnij w nadziei\u201d.Konkurs adresowany jest zar\u00f3wno dla przedszkolak\u00f3w jak i uczni\u00f3w z szk\u00f3\u0142 podstawowych i m\u0142odzie\u017cy z szk\u00f3\u0142 ponadpodstawowych. Szczeg\u00f3\u0142owe informacje zosta\u0142y zawarte w regulaminie. Drugi konkurs &#8230; <a title=\"Konkursy &#8211; Pola Nadziei\" class=\"read-more\" href=\"https:\/\/www.hospicjumcieszyn.pl\/en\/konkursy-pola-nadziei\/\" aria-label=\"More on Konkursy &#8211; Pola Nadziei\">Read more<\/a><\/p>\n","protected":false},"author":5,"featured_media":9640,"comment_status":"closed","ping_status":"closed","sticky":false,"template":"","format":"standard","meta":{"footnotes":""},"categories":[8],"tags":[],"acf":[],"_links":{"self":[{"href":"https:\/\/www.hospicjumcieszyn.pl\/en\/wp-json\/wp\/v2\/posts\/9636"}],"collection":[{"href":"https:\/\/www.hospicjumcieszyn.pl\/en\/wp-json\/wp\/v2\/posts"}],"about":[{"href":"https:\/\/www.hospicjumcieszyn.pl\/en\/wp-json\/wp\/v2\/types\/post"}],"author":[{"embeddable":true,"href":"https:\/\/www.hospicjumcieszyn.pl\/en\/wp-json\/wp\/v2\/users\/5"}],"replies":[{"embeddable":true,"href":"https:\/\/www.hospicjumcieszyn.pl\/en\/wp-json\/wp\/v2\/comments?post=9636"}],"version-history":[{"count":4,"href":"https:\/\/www.hospicjumcieszyn.pl\/en\/wp-json\/wp\/v2\/posts\/9636\/revisions"}],"predecessor-version":[{"id":9893,"href":"https:\/\/www.hospicjumcieszyn.pl\/en\/wp-json\/wp\/v2\/posts\/9636\/revisions\/9893"}],"wp:featuredmedia":[{"embeddable":true,"href":"https:\/\/www.hospicjumcieszyn.pl\/en\/wp-json\/wp\/v2\/media\/9640"}],"wp:attachment":[{"href":"https:\/\/www.hospicjumcieszyn.pl\/en\/wp-json\/wp\/v2\/media?parent=9636"}],"wp:term":[{"taxonomy":"category","embeddable":true,"href":"https:\/\/www.hospicjumcieszyn.pl\/en\/wp-json\/wp\/v2\/categories?post=9636"},{"taxonomy":"post_tag","embeddable":true,"href":"https:\/\/www.hospicjumcieszyn.pl\/en\/wp-json\/wp\/v2\/tags?post=9636"}],"curies":[{"name":"wp","href":"https:\/\/api.w.org\/{rel}","templated":true}]}}