{"id":987,"date":"2013-12-23T21:33:48","date_gmt":"2013-12-23T20:33:48","guid":{"rendered":"https:\/\/www.hospicjumcieszyn.pl\/?p=987"},"modified":"2014-01-02T20:20:49","modified_gmt":"2014-01-02T19:20:49","slug":"artystyczny-kiermasz-grudniowy","status":"publish","type":"post","link":"https:\/\/www.hospicjumcieszyn.pl\/en\/artystyczny-kiermasz-grudniowy\/","title":{"rendered":"Artystyczny Kiermasz Grudniowy"},"content":{"rendered":"<p style=\"text-align: justify;\"><img loading=\"lazy\" decoding=\"async\" class=\"alignright size-medium wp-image-994\" alt=\"221220131188\" src=\"https:\/\/www.hospicjumcieszyn.pl\/wp-content\/uploads\/2013\/12\/221220131188-272x363.jpg\" width=\"272\" height=\"363\" srcset=\"https:\/\/www.hospicjumcieszyn.pl\/wp-content\/uploads\/2013\/12\/221220131188-272x363.jpg 272w, https:\/\/www.hospicjumcieszyn.pl\/wp-content\/uploads\/2013\/12\/221220131188-180x240.jpg 180w, https:\/\/www.hospicjumcieszyn.pl\/wp-content\/uploads\/2013\/12\/221220131188-544x726.jpg 544w, https:\/\/www.hospicjumcieszyn.pl\/wp-content\/uploads\/2013\/12\/221220131188.jpg 768w\" sizes=\"(max-width: 272px) 100vw, 272px\" \/>Ostatni weekend przed \u015awi\u0119tami Bo\u017cego Narodzenia to ju\u017c tradycyjnie czas, w kt\u00f3rym na dziedzi\u0144cu Muzeum \u015al\u0105ska Cieszy\u0144skiego oraz we wn\u0119trzu Cafe Muzeum odbywa si\u0119 Artystyczny Kiermasz Grudniowy, maj\u0105cy swoj\u0105 dziesi\u0119cioletni\u0105 histori\u0119.<\/p>\n<p style=\"text-align: justify;\">Nie zabrak\u0142o na nim tak\u017ce naszego Hospicjum. Nasze Panie nie tylko du\u017co si\u0119 napracowa\u0142y, ale tak\u017ce wykaza\u0142y ogromn\u0105 kreatywno\u015bci\u0105, przygotowuj\u0105c przepi\u0119kne r\u0119kodzie\u0142o na kiermasz i tym samym wzbudzaj\u0105c swoimi wytworami zainteresowanie odwiedzaj\u0105cych.<\/p>\n<p style=\"text-align: justify;\">Serdecznie dzi\u0119kujemy tak\u017ce dzieciom i m\u0142odzie\u017cy ze szko\u0142y w Dzi\u0119gielowie, kt\u00f3rzy ofiarowali nam w\u0142asnor\u0119cznie przygotowane drobiazgi z przeznaczeniem na kiermasz.<\/p>\n<p style=\"text-align: justify;\">Doch\u00f3d z kiermaszu zasili nasze hospicyjne fundusze.<\/p>\n","protected":false},"excerpt":{"rendered":"<p>Ostatni weekend przed \u015awi\u0119tami Bo\u017cego Narodzenia to ju\u017c tradycyjnie czas, w kt\u00f3rym na dziedzi\u0144cu Muzeum \u015al\u0105ska Cieszy\u0144skiego oraz we wn\u0119trzu Cafe Muzeum odbywa si\u0119 Artystyczny Kiermasz Grudniowy, maj\u0105cy swoj\u0105 dziesi\u0119cioletni\u0105 histori\u0119. Nie zabrak\u0142o na nim tak\u017ce naszego Hospicjum. Nasze Panie nie tylko du\u017co si\u0119 napracowa\u0142y, ale tak\u017ce wykaza\u0142y ogromn\u0105 kreatywno\u015bci\u0105, przygotowuj\u0105c przepi\u0119kne r\u0119kodzie\u0142o na kiermasz &#8230; <a title=\"Artystyczny Kiermasz Grudniowy\" class=\"read-more\" href=\"https:\/\/www.hospicjumcieszyn.pl\/en\/artystyczny-kiermasz-grudniowy\/\" aria-label=\"More on Artystyczny Kiermasz Grudniowy\">Read more<\/a><\/p>\n","protected":false},"author":4,"featured_media":994,"comment_status":"closed","ping_status":"closed","sticky":false,"template":"","format":"standard","meta":{"footnotes":""},"categories":[1],"tags":[],"acf":[],"_links":{"self":[{"href":"https:\/\/www.hospicjumcieszyn.pl\/en\/wp-json\/wp\/v2\/posts\/987"}],"collection":[{"href":"https:\/\/www.hospicjumcieszyn.pl\/en\/wp-json\/wp\/v2\/posts"}],"about":[{"href":"https:\/\/www.hospicjumcieszyn.pl\/en\/wp-json\/wp\/v2\/types\/post"}],"author":[{"embeddable":true,"href":"https:\/\/www.hospicjumcieszyn.pl\/en\/wp-json\/wp\/v2\/users\/4"}],"replies":[{"embeddable":true,"href":"https:\/\/www.hospicjumcieszyn.pl\/en\/wp-json\/wp\/v2\/comments?post=987"}],"version-history":[{"count":6,"href":"https:\/\/www.hospicjumcieszyn.pl\/en\/wp-json\/wp\/v2\/posts\/987\/revisions"}],"predecessor-version":[{"id":1012,"href":"https:\/\/www.hospicjumcieszyn.pl\/en\/wp-json\/wp\/v2\/posts\/987\/revisions\/1012"}],"wp:featuredmedia":[{"embeddable":true,"href":"https:\/\/www.hospicjumcieszyn.pl\/en\/wp-json\/wp\/v2\/media\/994"}],"wp:attachment":[{"href":"https:\/\/www.hospicjumcieszyn.pl\/en\/wp-json\/wp\/v2\/media?parent=987"}],"wp:term":[{"taxonomy":"category","embeddable":true,"href":"https:\/\/www.hospicjumcieszyn.pl\/en\/wp-json\/wp\/v2\/categories?post=987"},{"taxonomy":"post_tag","embeddable":true,"href":"https:\/\/www.hospicjumcieszyn.pl\/en\/wp-json\/wp\/v2\/tags?post=987"}],"curies":[{"name":"wp","href":"https:\/\/api.w.org\/{rel}","templated":true}]}}